{"id":38,"date":"2024-01-30T15:11:15","date_gmt":"2024-01-30T15:11:15","guid":{"rendered":"https:\/\/www.soederland.de\/wordpress\/?p=38"},"modified":"2024-02-10T22:22:13","modified_gmt":"2024-02-10T22:22:13","slug":"olafur-liljuros-von-jutta-und-klaus-peill","status":"publish","type":"post","link":"https:\/\/www.soederland.de\/wordpress\/2024\/01\/olafur-liljuros-von-jutta-und-klaus-peill\/","title":{"rendered":"\u00d3lafur liljur\u00f3s (von Jutta und Klaus Peill)"},"content":{"rendered":"\n<h6 class=\"wp-block-heading\">(Melodie: trad. isl\u00e4ndisch)<\/h6>\n\n\n\n<p><strong>Vors\u00e4nger<\/strong>: \u00d3lafur rei\u00f0 me\u00f0 bj\u00f6rgum fram, <strong>Alle<\/strong>: &lt; Widlir hann, stidlir hann &gt;<\/p>\n\n\n\n<p><strong>Vors\u00e4nger<\/strong>: Hitti hann fyrir s\u00e9r \u00e1lfarann. <strong>Alle<\/strong>: &lt; thar r\u00f6ith\u00fcr l\u00f6jin brann<\/p>\n\n\n\n<p>blithan laigthi birinn \u00fcndan bj\u00f6rg\u00fcn\u00fcm blithan laigthi birinn \u00fcndan bj\u00f6rg\u00fcn\u00fcm fram &gt;<\/p>\n\n\n\n<p><strong>Vors\u00e4nger<\/strong>: \u00fear kom \u00fat ein \u00e1lfam\u00e6r, <strong>Alle<\/strong>: &lt; Widlir hann, stidlir hann &gt;<\/p>\n\n\n\n<p><strong>Vors\u00e4nger<\/strong>: Henni var Kuinde k\u00e6r. <strong>Alle<\/strong>: &lt; thar r\u00f6ith\u00fcr l\u00f6jin brann<\/p>\n\n\n\n<p>blithan laigthi birinn \u00fcndan bj\u00f6rg\u00fcn\u00fcm blithan laigthi birinn \u00fcndan bj\u00f6rg\u00fcn\u00fcm fram &gt;<\/p>\n\n\n\n<p><strong>Vors\u00e4nger<\/strong>: \u00fear kom \u00fat ein \u00f6nnur, <strong>Alle<\/strong>: &lt; Widlir hann, stidlir hann &gt;<\/p>\n\n\n\n<p><strong>Vors\u00e4nger<\/strong>: h\u00e9lt \u00e1 silfurk\u00f6nnu. <strong>Alle<\/strong>: &lt; thar r\u00f6ith\u00fcr l\u00f6jin brann<\/p>\n\n\n\n<p>blithan laigthi birinn \u00fcndan bj\u00f6rg\u00fcn\u00fcm blithan laigthi birinn \u00fcndan bj\u00f6rg\u00fcn\u00fcm fram &gt;<\/p>\n\n\n\n<p><strong>Vors\u00e4nger<\/strong>: \u00fear kom \u00fat hin \u00feri\u00f0ja, <strong>Alle<\/strong>: &lt; Widlir hann, stidlir hann &gt;<\/p>\n\n\n\n<p><strong>Vors\u00e4nger<\/strong>: me\u00f0 gullband um sig mi\u00f0ja. <strong>Alle<\/strong>: &lt; thar r\u00f6ith\u00fcr l\u00f6jin brann<\/p>\n\n\n\n<p>blithan laigthi birinn \u00fcndan bj\u00f6rg\u00fcn\u00fcm blithan laigthi birinn \u00fcndan bj\u00f6rg\u00fcn\u00fcm fram &gt;<\/p>\n\n\n\n<p><strong>Vors\u00e4nger<\/strong>: \u00fear kom \u00fat hin fjor\u00f0a, <strong>Alle<\/strong>: &lt; Widlir hann, stidlir hann &gt;<\/p>\n\n\n\n<p><strong>Vors\u00e4nger<\/strong>: h\u00fan t\u00f3k svo til or\u00f0a. <strong>Alle<\/strong>: &lt; thar r\u00f6ith\u00fcr l\u00f6jin brann<\/p>\n\n\n\n<p>blithan laigthi birinn \u00fcndan bj\u00f6rg\u00fcn\u00fcm blithan laigthi birinn \u00fcndan bj\u00f6rg\u00fcn\u00fcm fram &gt;<\/p>\n\n\n\n<p><strong>Vors\u00e4nger<\/strong>: Velkommin \u00d3lafur liljur\u00f3s. <strong>Alle<\/strong>: &lt; Widlir hann, stidlir hann &gt;<\/p>\n\n\n\n<p><strong>Vors\u00e4nger<\/strong>: Gakk \u00ed bj\u00f6rg og b\u00fa me\u00f0 oss. <strong>Alle<\/strong>: &lt; thar r\u00f6ith\u00fcr l\u00f6jin brann<\/p>\n\n\n\n<p>blithan laigthi birinn \u00fcndan bj\u00f6rg\u00fcn\u00fcm blithan laigthi birinn \u00fcndan bj\u00f6rg\u00fcn\u00fcm fram &gt;<\/p>\n\n\n\n<p><strong>Vors\u00e4nger<\/strong>: Ekki vil \u00e9g me\u00f0 \u00e1lfum b\u00faa ,<strong>Alle<\/strong>: &lt; Widlir hann, stidlir hann &gt;<\/p>\n\n\n\n<p><strong>Vors\u00e4nger<\/strong>: ekki eins og Gisli tr\u00faa .<strong>Alle<\/strong>: &lt; thar r\u00f6ith\u00fcr l\u00f6jin brann<\/p>\n\n\n\n<p>blithan laigthi birinn \u00fcndan bj\u00f6rg\u00fcn\u00fcm blithan laigthi birinn \u00fcndan bj\u00f6rg\u00fcn\u00fcm fram &gt;<\/p>\n\n\n\n<div class=\"wp-block-file\"><a id=\"wp-block-file--media-97648c9b-5260-40f5-b8bb-42f3a0063e32\" href=\"https:\/\/www.soederland.de\/wordpress\/wp-content\/uploads\/2024\/02\/lied-olafur-scaled.jpg\">Lied als Bilddatei<\/a><a href=\"https:\/\/www.soederland.de\/wordpress\/wp-content\/uploads\/2024\/02\/lied-olafur-scaled.jpg\" class=\"wp-block-file__button wp-element-button\" download aria-describedby=\"wp-block-file--media-97648c9b-5260-40f5-b8bb-42f3a0063e32\">Herunterladen<\/a><\/div>\n","protected":false},"excerpt":{"rendered":"<p>(Melodie: trad. isl\u00e4ndisch) Vors\u00e4nger: \u00d3lafur rei\u00f0 me\u00f0 bj\u00f6rgum fram, Alle: &lt; Widlir hann, stidlir hann &gt; Vors\u00e4nger: Hitti hann fyrir s\u00e9r \u00e1lfarann. Alle: &lt; thar r\u00f6ith\u00fcr l\u00f6jin brann blithan laigthi birinn \u00fcndan bj\u00f6rg\u00fcn\u00fcm blithan laigthi birinn \u00fcndan bj\u00f6rg\u00fcn\u00fcm fram &gt; Vors\u00e4nger: \u00fear kom \u00fat ein \u00e1lfam\u00e6r, Alle: &lt; Widlir hann, stidlir hann &gt; Vors\u00e4nger: Henni &hellip; <a href=\"https:\/\/www.soederland.de\/wordpress\/2024\/01\/olafur-liljuros-von-jutta-und-klaus-peill\/\" class=\"more-link\"><span class=\"screen-reader-text\">\u201e\u00d3lafur liljur\u00f3s (von Jutta und Klaus Peill)\u201c <\/span>weiterlesen<\/a><\/p>\n","protected":false},"author":1,"featured_media":0,"comment_status":"open","ping_status":"closed","sticky":false,"template":"","format":"standard","meta":{"footnotes":""},"categories":[5],"tags":[],"class_list":["post-38","post","type-post","status-publish","format-standard","hentry","category-lieder"],"yoast_head":"<!-- This site is optimized with the Yoast SEO plugin v27.5 - https:\/\/yoast.com\/product\/yoast-seo-wordpress\/ -->\n<title>\u00d3lafur liljur\u00f3s (von Jutta und Klaus Peill) - S\u00f6derland - ein Land im Hohen Norden<\/title>\n<meta name=\"robots\" content=\"index, follow, max-snippet:-1, max-image-preview:large, max-video-preview:-1\" \/>\n<link rel=\"canonical\" href=\"https:\/\/www.soederland.de\/wordpress\/2024\/01\/olafur-liljuros-von-jutta-und-klaus-peill\/\" \/>\n<meta property=\"og:locale\" content=\"de_DE\" \/>\n<meta property=\"og:type\" content=\"article\" \/>\n<meta property=\"og:title\" content=\"\u00d3lafur liljur\u00f3s (von Jutta und Klaus Peill) - S\u00f6derland - ein Land im Hohen Norden\" \/>\n<meta property=\"og:description\" content=\"(Melodie: trad. isl\u00e4ndisch) Vors\u00e4nger: \u00d3lafur rei\u00f0 me\u00f0 bj\u00f6rgum fram, Alle: &lt; Widlir hann, stidlir hann &gt; Vors\u00e4nger: Hitti hann fyrir s\u00e9r \u00e1lfarann. Alle: &lt; thar r\u00f6ith\u00fcr l\u00f6jin brann blithan laigthi birinn \u00fcndan bj\u00f6rg\u00fcn\u00fcm blithan laigthi birinn \u00fcndan bj\u00f6rg\u00fcn\u00fcm fram &gt; Vors\u00e4nger: \u00fear kom \u00fat ein \u00e1lfam\u00e6r, Alle: &lt; Widlir hann, stidlir hann &gt; Vors\u00e4nger: Henni &hellip; \u201e\u00d3lafur liljur\u00f3s (von Jutta und Klaus Peill)\u201c weiterlesen\" \/>\n<meta property=\"og:url\" content=\"https:\/\/www.soederland.de\/wordpress\/2024\/01\/olafur-liljuros-von-jutta-und-klaus-peill\/\" \/>\n<meta property=\"og:site_name\" content=\"S\u00f6derland - ein Land im Hohen Norden\" \/>\n<meta property=\"article:published_time\" content=\"2024-01-30T15:11:15+00:00\" \/>\n<meta property=\"article:modified_time\" content=\"2024-02-10T22:22:13+00:00\" \/>\n<meta name=\"author\" content=\"admin\" \/>\n<meta name=\"twitter:card\" content=\"summary_large_image\" \/>\n<meta name=\"twitter:label1\" content=\"Verfasst von\" \/>\n\t<meta name=\"twitter:data1\" content=\"admin\" \/>\n\t<meta name=\"twitter:label2\" content=\"Gesch\u00e4tzte Lesezeit\" \/>\n\t<meta name=\"twitter:data2\" content=\"2\u00a0Minuten\" \/>\n<script type=\"application\/ld+json\" class=\"yoast-schema-graph\">{\"@context\":\"https:\\\/\\\/schema.org\",\"@graph\":[{\"@type\":\"Article\",\"@id\":\"https:\\\/\\\/www.soederland.de\\\/wordpress\\\/2024\\\/01\\\/olafur-liljuros-von-jutta-und-klaus-peill\\\/#article\",\"isPartOf\":{\"@id\":\"https:\\\/\\\/www.soederland.de\\\/wordpress\\\/2024\\\/01\\\/olafur-liljuros-von-jutta-und-klaus-peill\\\/\"},\"author\":{\"name\":\"admin\",\"@id\":\"https:\\\/\\\/www.soederland.de\\\/wordpress\\\/#\\\/schema\\\/person\\\/0690f9593b5574323c47855734f5fb33\"},\"headline\":\"\u00d3lafur liljur\u00f3s (von Jutta und Klaus Peill)\",\"datePublished\":\"2024-01-30T15:11:15+00:00\",\"dateModified\":\"2024-02-10T22:22:13+00:00\",\"mainEntityOfPage\":{\"@id\":\"https:\\\/\\\/www.soederland.de\\\/wordpress\\\/2024\\\/01\\\/olafur-liljuros-von-jutta-und-klaus-peill\\\/\"},\"wordCount\":364,\"commentCount\":0,\"articleSection\":[\"Lieder\"],\"inLanguage\":\"de\",\"potentialAction\":[{\"@type\":\"CommentAction\",\"name\":\"Comment\",\"target\":[\"https:\\\/\\\/www.soederland.de\\\/wordpress\\\/2024\\\/01\\\/olafur-liljuros-von-jutta-und-klaus-peill\\\/#respond\"]}]},{\"@type\":\"WebPage\",\"@id\":\"https:\\\/\\\/www.soederland.de\\\/wordpress\\\/2024\\\/01\\\/olafur-liljuros-von-jutta-und-klaus-peill\\\/\",\"url\":\"https:\\\/\\\/www.soederland.de\\\/wordpress\\\/2024\\\/01\\\/olafur-liljuros-von-jutta-und-klaus-peill\\\/\",\"name\":\"\u00d3lafur liljur\u00f3s (von Jutta und Klaus Peill) - S\u00f6derland - ein Land im Hohen Norden\",\"isPartOf\":{\"@id\":\"https:\\\/\\\/www.soederland.de\\\/wordpress\\\/#website\"},\"datePublished\":\"2024-01-30T15:11:15+00:00\",\"dateModified\":\"2024-02-10T22:22:13+00:00\",\"author\":{\"@id\":\"https:\\\/\\\/www.soederland.de\\\/wordpress\\\/#\\\/schema\\\/person\\\/0690f9593b5574323c47855734f5fb33\"},\"breadcrumb\":{\"@id\":\"https:\\\/\\\/www.soederland.de\\\/wordpress\\\/2024\\\/01\\\/olafur-liljuros-von-jutta-und-klaus-peill\\\/#breadcrumb\"},\"inLanguage\":\"de\",\"potentialAction\":[{\"@type\":\"ReadAction\",\"target\":[\"https:\\\/\\\/www.soederland.de\\\/wordpress\\\/2024\\\/01\\\/olafur-liljuros-von-jutta-und-klaus-peill\\\/\"]}]},{\"@type\":\"BreadcrumbList\",\"@id\":\"https:\\\/\\\/www.soederland.de\\\/wordpress\\\/2024\\\/01\\\/olafur-liljuros-von-jutta-und-klaus-peill\\\/#breadcrumb\",\"itemListElement\":[{\"@type\":\"ListItem\",\"position\":1,\"name\":\"Home\",\"item\":\"https:\\\/\\\/www.soederland.de\\\/wordpress\\\/\"},{\"@type\":\"ListItem\",\"position\":2,\"name\":\"\u00d3lafur liljur\u00f3s (von Jutta und Klaus Peill)\"}]},{\"@type\":\"WebSite\",\"@id\":\"https:\\\/\\\/www.soederland.de\\\/wordpress\\\/#website\",\"url\":\"https:\\\/\\\/www.soederland.de\\\/wordpress\\\/\",\"name\":\"S\u00f6derland - ein Land im Hohen Norden\",\"description\":\"das Live-Rollenspiel-Land des VLAD e.V.\",\"potentialAction\":[{\"@type\":\"SearchAction\",\"target\":{\"@type\":\"EntryPoint\",\"urlTemplate\":\"https:\\\/\\\/www.soederland.de\\\/wordpress\\\/?s={search_term_string}\"},\"query-input\":{\"@type\":\"PropertyValueSpecification\",\"valueRequired\":true,\"valueName\":\"search_term_string\"}}],\"inLanguage\":\"de\"},{\"@type\":\"Person\",\"@id\":\"https:\\\/\\\/www.soederland.de\\\/wordpress\\\/#\\\/schema\\\/person\\\/0690f9593b5574323c47855734f5fb33\",\"name\":\"admin\",\"image\":{\"@type\":\"ImageObject\",\"inLanguage\":\"de\",\"@id\":\"https:\\\/\\\/secure.gravatar.com\\\/avatar\\\/a0bd7c12dc38845ca7d8dd174debbbbc5f0dd173b2248b35c761f39a7794e4ff?s=96&d=mm&r=g\",\"url\":\"https:\\\/\\\/secure.gravatar.com\\\/avatar\\\/a0bd7c12dc38845ca7d8dd174debbbbc5f0dd173b2248b35c761f39a7794e4ff?s=96&d=mm&r=g\",\"contentUrl\":\"https:\\\/\\\/secure.gravatar.com\\\/avatar\\\/a0bd7c12dc38845ca7d8dd174debbbbc5f0dd173b2248b35c761f39a7794e4ff?s=96&d=mm&r=g\",\"caption\":\"admin\"},\"sameAs\":[\"https:\\\/\\\/www.soederland.de\\\/wordpress\"],\"url\":\"https:\\\/\\\/www.soederland.de\\\/wordpress\\\/author\\\/ctproud\\\/\"}]}<\/script>\n<!-- \/ Yoast SEO plugin. -->","yoast_head_json":{"title":"\u00d3lafur liljur\u00f3s (von Jutta und Klaus Peill) - S\u00f6derland - ein Land im Hohen Norden","robots":{"index":"index","follow":"follow","max-snippet":"max-snippet:-1","max-image-preview":"max-image-preview:large","max-video-preview":"max-video-preview:-1"},"canonical":"https:\/\/www.soederland.de\/wordpress\/2024\/01\/olafur-liljuros-von-jutta-und-klaus-peill\/","og_locale":"de_DE","og_type":"article","og_title":"\u00d3lafur liljur\u00f3s (von Jutta und Klaus Peill) - S\u00f6derland - ein Land im Hohen Norden","og_description":"(Melodie: trad. isl\u00e4ndisch) Vors\u00e4nger: \u00d3lafur rei\u00f0 me\u00f0 bj\u00f6rgum fram, Alle: &lt; Widlir hann, stidlir hann &gt; Vors\u00e4nger: Hitti hann fyrir s\u00e9r \u00e1lfarann. Alle: &lt; thar r\u00f6ith\u00fcr l\u00f6jin brann blithan laigthi birinn \u00fcndan bj\u00f6rg\u00fcn\u00fcm blithan laigthi birinn \u00fcndan bj\u00f6rg\u00fcn\u00fcm fram &gt; Vors\u00e4nger: \u00fear kom \u00fat ein \u00e1lfam\u00e6r, Alle: &lt; Widlir hann, stidlir hann &gt; Vors\u00e4nger: Henni &hellip; \u201e\u00d3lafur liljur\u00f3s (von Jutta und Klaus Peill)\u201c weiterlesen","og_url":"https:\/\/www.soederland.de\/wordpress\/2024\/01\/olafur-liljuros-von-jutta-und-klaus-peill\/","og_site_name":"S\u00f6derland - ein Land im Hohen Norden","article_published_time":"2024-01-30T15:11:15+00:00","article_modified_time":"2024-02-10T22:22:13+00:00","author":"admin","twitter_card":"summary_large_image","twitter_misc":{"Verfasst von":"admin","Gesch\u00e4tzte Lesezeit":"2\u00a0Minuten"},"schema":{"@context":"https:\/\/schema.org","@graph":[{"@type":"Article","@id":"https:\/\/www.soederland.de\/wordpress\/2024\/01\/olafur-liljuros-von-jutta-und-klaus-peill\/#article","isPartOf":{"@id":"https:\/\/www.soederland.de\/wordpress\/2024\/01\/olafur-liljuros-von-jutta-und-klaus-peill\/"},"author":{"name":"admin","@id":"https:\/\/www.soederland.de\/wordpress\/#\/schema\/person\/0690f9593b5574323c47855734f5fb33"},"headline":"\u00d3lafur liljur\u00f3s (von Jutta und Klaus Peill)","datePublished":"2024-01-30T15:11:15+00:00","dateModified":"2024-02-10T22:22:13+00:00","mainEntityOfPage":{"@id":"https:\/\/www.soederland.de\/wordpress\/2024\/01\/olafur-liljuros-von-jutta-und-klaus-peill\/"},"wordCount":364,"commentCount":0,"articleSection":["Lieder"],"inLanguage":"de","potentialAction":[{"@type":"CommentAction","name":"Comment","target":["https:\/\/www.soederland.de\/wordpress\/2024\/01\/olafur-liljuros-von-jutta-und-klaus-peill\/#respond"]}]},{"@type":"WebPage","@id":"https:\/\/www.soederland.de\/wordpress\/2024\/01\/olafur-liljuros-von-jutta-und-klaus-peill\/","url":"https:\/\/www.soederland.de\/wordpress\/2024\/01\/olafur-liljuros-von-jutta-und-klaus-peill\/","name":"\u00d3lafur liljur\u00f3s (von Jutta und Klaus Peill) - S\u00f6derland - ein Land im Hohen Norden","isPartOf":{"@id":"https:\/\/www.soederland.de\/wordpress\/#website"},"datePublished":"2024-01-30T15:11:15+00:00","dateModified":"2024-02-10T22:22:13+00:00","author":{"@id":"https:\/\/www.soederland.de\/wordpress\/#\/schema\/person\/0690f9593b5574323c47855734f5fb33"},"breadcrumb":{"@id":"https:\/\/www.soederland.de\/wordpress\/2024\/01\/olafur-liljuros-von-jutta-und-klaus-peill\/#breadcrumb"},"inLanguage":"de","potentialAction":[{"@type":"ReadAction","target":["https:\/\/www.soederland.de\/wordpress\/2024\/01\/olafur-liljuros-von-jutta-und-klaus-peill\/"]}]},{"@type":"BreadcrumbList","@id":"https:\/\/www.soederland.de\/wordpress\/2024\/01\/olafur-liljuros-von-jutta-und-klaus-peill\/#breadcrumb","itemListElement":[{"@type":"ListItem","position":1,"name":"Home","item":"https:\/\/www.soederland.de\/wordpress\/"},{"@type":"ListItem","position":2,"name":"\u00d3lafur liljur\u00f3s (von Jutta und Klaus Peill)"}]},{"@type":"WebSite","@id":"https:\/\/www.soederland.de\/wordpress\/#website","url":"https:\/\/www.soederland.de\/wordpress\/","name":"S\u00f6derland - ein Land im Hohen Norden","description":"das Live-Rollenspiel-Land des VLAD e.V.","potentialAction":[{"@type":"SearchAction","target":{"@type":"EntryPoint","urlTemplate":"https:\/\/www.soederland.de\/wordpress\/?s={search_term_string}"},"query-input":{"@type":"PropertyValueSpecification","valueRequired":true,"valueName":"search_term_string"}}],"inLanguage":"de"},{"@type":"Person","@id":"https:\/\/www.soederland.de\/wordpress\/#\/schema\/person\/0690f9593b5574323c47855734f5fb33","name":"admin","image":{"@type":"ImageObject","inLanguage":"de","@id":"https:\/\/secure.gravatar.com\/avatar\/a0bd7c12dc38845ca7d8dd174debbbbc5f0dd173b2248b35c761f39a7794e4ff?s=96&d=mm&r=g","url":"https:\/\/secure.gravatar.com\/avatar\/a0bd7c12dc38845ca7d8dd174debbbbc5f0dd173b2248b35c761f39a7794e4ff?s=96&d=mm&r=g","contentUrl":"https:\/\/secure.gravatar.com\/avatar\/a0bd7c12dc38845ca7d8dd174debbbbc5f0dd173b2248b35c761f39a7794e4ff?s=96&d=mm&r=g","caption":"admin"},"sameAs":["https:\/\/www.soederland.de\/wordpress"],"url":"https:\/\/www.soederland.de\/wordpress\/author\/ctproud\/"}]}},"jetpack_featured_media_url":"","_links":{"self":[{"href":"https:\/\/www.soederland.de\/wordpress\/wp-json\/wp\/v2\/posts\/38","targetHints":{"allow":["GET"]}}],"collection":[{"href":"https:\/\/www.soederland.de\/wordpress\/wp-json\/wp\/v2\/posts"}],"about":[{"href":"https:\/\/www.soederland.de\/wordpress\/wp-json\/wp\/v2\/types\/post"}],"author":[{"embeddable":true,"href":"https:\/\/www.soederland.de\/wordpress\/wp-json\/wp\/v2\/users\/1"}],"replies":[{"embeddable":true,"href":"https:\/\/www.soederland.de\/wordpress\/wp-json\/wp\/v2\/comments?post=38"}],"version-history":[{"count":2,"href":"https:\/\/www.soederland.de\/wordpress\/wp-json\/wp\/v2\/posts\/38\/revisions"}],"predecessor-version":[{"id":1017,"href":"https:\/\/www.soederland.de\/wordpress\/wp-json\/wp\/v2\/posts\/38\/revisions\/1017"}],"wp:attachment":[{"href":"https:\/\/www.soederland.de\/wordpress\/wp-json\/wp\/v2\/media?parent=38"}],"wp:term":[{"taxonomy":"category","embeddable":true,"href":"https:\/\/www.soederland.de\/wordpress\/wp-json\/wp\/v2\/categories?post=38"},{"taxonomy":"post_tag","embeddable":true,"href":"https:\/\/www.soederland.de\/wordpress\/wp-json\/wp\/v2\/tags?post=38"}],"curies":[{"name":"wp","href":"https:\/\/api.w.org\/{rel}","templated":true}]}}