{"id":13,"date":"2024-01-30T15:03:14","date_gmt":"2024-01-30T15:03:14","guid":{"rendered":"https:\/\/www.soederland.de\/wordpress\/?p=13"},"modified":"2024-01-30T15:03:16","modified_gmt":"2024-01-30T15:03:16","slug":"aus-den-aufzeichnungen-von-alarik-dem-wanderer","status":"publish","type":"post","link":"https:\/\/www.soederland.de\/wordpress\/2024\/01\/aus-den-aufzeichnungen-von-alarik-dem-wanderer\/","title":{"rendered":"Aus den Aufzeichnungen von Alarik dem Wanderer"},"content":{"rendered":"\n<p><em>Hoch im Norden, jenseits der Nordmark Dracconias, liegt S\u00f6derland, ein wildes und unerforschtes Land voller Mythen und Legenden.<\/em><\/p>\n\n\n\n<p><em>Riesige Waldgebiete, h\u00fcgelige Grasebenen und schroffe Klippen zur See hin pr\u00e4gen das Landschaftsbild. Vereinzelt trifft man auf die Ruinen einer Burg oder eines Schlosses, Zeugen einer l\u00e4ngst vergessenen Zeit.<\/em><\/p>\n\n\n\n<p><em>Auf meinem Weg durch die s\u00f6derlandischen Gebiete war ich von der Tatsache, da\u00df mich weder Orks, Goblins noch andere l\u00e4stigen und widerw\u00e4rtigen Kreaturen behelligten, angenehm \u00fcberrascht. So befragte ich die Bev\u00f6lkerung des Landes nach diesem in anderen Provinzen leider nicht all zu h\u00e4ufigen Ph\u00e4nomen. Zu meiner gr\u00f6\u00dften Verwunderung mu\u00dfte ich feststellen, da\u00df weder das einfache Volk noch die Herrscher in S\u00f6derland diese in fast allen Landstrichen des Kontinents zu h\u00e4ufig auftretenden Plagegeister und Wegelagerer kannten. Auch auf die Frage nach Riesen, Trollen und \u00e4hnlichen Monstren konnten sie nur auf ihre uralten Mythen und Legenden verweisen und ich traf keinen S\u00f6derlander, der jemals solch ein Wesen erblickt h\u00e4tte.<\/em><\/p>\n\n\n\n<p><em>Die Bev\u00f6lkerung S\u00f6derlands ist angeblich ein Zusammenschlu\u00df von zwei kriegerischen Seev\u00f6lkern, die von einem gro\u00dfen Krieg aus ihrer Heimat, einem Land weit n\u00f6rdlich von S\u00f6derland, vertrieben wurde und nach langer Reise weiter s\u00fcdlich Fu\u00df gefa\u00dft hat. Die wenigen damals hier existierenden F\u00fcrstent\u00fcmer, die sich ihnen entgegenstellten, wurden von den wilden Barbarenhorden kurzerhand niedergerungen und versklavt.<\/em><\/p>\n\n\n\n<p><em>S\u00f6derland ist in f\u00fcnf Gebiete unterteilt, die jeweils von einem ihrer H\u00e4uptlinge regiert werden: Hetland, Teachd, Venskab, Cairdell, und Nyland.<\/em><\/p>\n\n\n\n<p><em>Alle f\u00fcnf Reiche w\u00e4hlen zusammen einen Kriegsh\u00e4uptling, der Fylkir genannt wird.<\/em><\/p>\n\n\n\n<p><em>Die S\u00f6derlander sind Barbaren. Die meisten haben helles langes Haar und viele tragen B\u00e4rte. Sie kleiden sich in Leinen, Felle und Leder. Ihre Frauen sind oft von gro\u00dfer Sch\u00f6nheit, doch verstehen sie neben ihren eigentlichen Aufgaben im Haushalt oft auch noch erstaunlich gut mit Schwert oder Axt umzugehen.<\/em><\/p>\n\n\n\n<p><em>Die S\u00f6derlander sind wilde und stolze Krieger, die ihrem Clan und ihrer Familie absolut treu ergeben sind. Ihre Anf\u00fchrer werden Jarl genannt und scheinen so etwas wie Familienoberhaupt und H\u00e4uptling in einer Person zu sein.<\/em><\/p>\n\n\n\n<p><em>Es sind auch gute Gastgeber, davon konnte ich mich selbst \u00fcberzeugen. In S\u00f6derland ist es Sitte, jedem der um Gastfreundschaft bittet diese zu gew\u00e4hren, auch wenn man sie nicht zu lange in Anspruch nehmen sollte.<\/em><\/p>\n\n\n\n<p><em>Bei meinen Reisen durch S\u00f6derland war ich ein paar Tage zu Gast bei Jarl Arngrim Blutaxt und seinem Clan. Er wohnt auf einer Burg, deren Name Skalleborg lautet, was in unserer Sprache soviel wie Sch\u00e4delburg hei\u00dft. Sie ist noch ein \u00dcberbleibsel aus der Zeit vor der Ankunft der S\u00f6derlander. Arngrim erz\u00e4hlte mir, da\u00df man sie so getauft habe, weil sie, als er und seine Krieger die damals leerstehende Feste zum ersten Mal betraten, hunderte von menschlichen Skeletten \u00fcberall auf dem Burghof und in der Burg verteilt vorfanden. Was den ehemaligen Bewohnern der Burg wohl widerfahren ist, blieb ungewi\u00df. Au\u00dferdem scheint es in der Burg zu spuken. Schatten huschen wenn es dunkel wird durch die Kellergew\u00f6lbe und eine geisterhafte Frauenstimme schreit des Nachts, da\u00df es einem Angst und Bange wird. Mein Gastgeber und seine Angeh\u00f6rigen ignorierten diese unheimlichen Vorkommnisse v\u00f6llig und auch ich war nicht besonders erpicht darauf, ihren wahren Ursprung zu ergr\u00fcnden .<\/em><\/p>\n\n\n\n<p><em>Die S\u00f6derlander mi\u00dftrauen jeder Art von Magie und wie ich h\u00f6rte wird mit Magiern, gleich welcher Couleur, in S\u00f6derland kurzer Proze\u00df gemacht. Die einzigen Wesen die eventuell \u00fcber so etwas wie Magie verf\u00fcgen k\u00f6nnten, sind ihre Druiden. Sie werden vom Volk als so etwas wie heilige M\u00e4nner und H\u00fcter des Waldes verehrt. Ihr Wort scheint sowohl bei den Bauern als auch bei den Herrschern gro\u00dfes Gewicht zu haben. Wer in S\u00f6derland Hand an einen Druiden legt, ist des Todes.<\/em><\/p>\n\n\n\n<p><em>Kurz vor meiner Abreise hatte ich noch Gelegenheit an einem ihrer Feste teilzunehmen. Neben viel Met und Bier gab es allerlei Wettk\u00e4mpfe und derbe Spiele. Leider lie\u00df ich mich, betrunken wie ich war, auf einen Ringkampf mit dem Jarl ein, so da\u00df ich den Rest der Feier mich von einer Sklavin behandeln lassen mu\u00dfte ( nun ja, so schlecht war das auch nicht . . .). Als es sp\u00e4ter wurde trugen die Skalden des Jarls ihre Lieder vor und erz\u00e4hlten einige sonderbare Geschichten \u00fcber gro\u00dfe Heldentaten und ihre G\u00f6tter. Das Gelage ging bis in den fr\u00fchen Morgen und viele schliefen einfach in der Festhalle.<\/em><\/p>\n\n\n\n<p>Der Abschied fiel mir schwer, doch fa\u00dfte ich bei meiner Abreise den Entschlu\u00df, da\u00df, sollten die G\u00f6tter meinen Weg jemals wieder nach S\u00f6derland lenken, ich die Gastfreundschaft Arngrim Blutaxts nutzen und einige Zeit bei dem groben und fremden, aber auch auf seine Art und Weise sehr freundlichen Volk verbringen werde.<\/p>\n","protected":false},"excerpt":{"rendered":"<p>Hoch im Norden, jenseits der Nordmark Dracconias, liegt S\u00f6derland, ein wildes und unerforschtes Land voller Mythen und Legenden. Riesige Waldgebiete, h\u00fcgelige Grasebenen und schroffe Klippen zur See hin pr\u00e4gen das Landschaftsbild. Vereinzelt trifft man auf die Ruinen einer Burg oder eines Schlosses, Zeugen einer l\u00e4ngst vergessenen Zeit. Auf meinem Weg durch die s\u00f6derlandischen Gebiete war &hellip; <a href=\"https:\/\/www.soederland.de\/wordpress\/2024\/01\/aus-den-aufzeichnungen-von-alarik-dem-wanderer\/\" class=\"more-link\"><span class=\"screen-reader-text\">\u201eAus den Aufzeichnungen von Alarik dem Wanderer\u201c <\/span>weiterlesen<\/a><\/p>\n","protected":false},"author":1,"featured_media":0,"comment_status":"open","ping_status":"closed","sticky":false,"template":"","format":"standard","meta":{"footnotes":""},"categories":[3],"tags":[],"class_list":["post-13","post","type-post","status-publish","format-standard","hentry","category-fuer-auslaender"],"yoast_head":"<!-- This site is optimized with the Yoast SEO plugin v27.5 - https:\/\/yoast.com\/product\/yoast-seo-wordpress\/ -->\n<title>Aus den Aufzeichnungen von Alarik dem Wanderer - S\u00f6derland - ein Land im Hohen Norden<\/title>\n<meta name=\"robots\" content=\"index, follow, max-snippet:-1, max-image-preview:large, max-video-preview:-1\" \/>\n<link rel=\"canonical\" href=\"https:\/\/www.soederland.de\/wordpress\/2024\/01\/aus-den-aufzeichnungen-von-alarik-dem-wanderer\/\" \/>\n<meta property=\"og:locale\" content=\"de_DE\" \/>\n<meta property=\"og:type\" content=\"article\" \/>\n<meta property=\"og:title\" content=\"Aus den Aufzeichnungen von Alarik dem Wanderer - S\u00f6derland - ein Land im Hohen Norden\" \/>\n<meta property=\"og:description\" content=\"Hoch im Norden, jenseits der Nordmark Dracconias, liegt S\u00f6derland, ein wildes und unerforschtes Land voller Mythen und Legenden. Riesige Waldgebiete, h\u00fcgelige Grasebenen und schroffe Klippen zur See hin pr\u00e4gen das Landschaftsbild. Vereinzelt trifft man auf die Ruinen einer Burg oder eines Schlosses, Zeugen einer l\u00e4ngst vergessenen Zeit. Auf meinem Weg durch die s\u00f6derlandischen Gebiete war &hellip; \u201eAus den Aufzeichnungen von Alarik dem Wanderer\u201c weiterlesen\" \/>\n<meta property=\"og:url\" content=\"https:\/\/www.soederland.de\/wordpress\/2024\/01\/aus-den-aufzeichnungen-von-alarik-dem-wanderer\/\" \/>\n<meta property=\"og:site_name\" content=\"S\u00f6derland - ein Land im Hohen Norden\" \/>\n<meta property=\"article:published_time\" content=\"2024-01-30T15:03:14+00:00\" \/>\n<meta property=\"article:modified_time\" content=\"2024-01-30T15:03:16+00:00\" \/>\n<meta name=\"author\" content=\"admin\" \/>\n<meta name=\"twitter:card\" content=\"summary_large_image\" \/>\n<meta name=\"twitter:label1\" content=\"Verfasst von\" \/>\n\t<meta name=\"twitter:data1\" content=\"admin\" \/>\n\t<meta name=\"twitter:label2\" content=\"Gesch\u00e4tzte Lesezeit\" \/>\n\t<meta name=\"twitter:data2\" content=\"5\u00a0Minuten\" \/>\n<script type=\"application\/ld+json\" class=\"yoast-schema-graph\">{\"@context\":\"https:\\\/\\\/schema.org\",\"@graph\":[{\"@type\":\"Article\",\"@id\":\"https:\\\/\\\/www.soederland.de\\\/wordpress\\\/2024\\\/01\\\/aus-den-aufzeichnungen-von-alarik-dem-wanderer\\\/#article\",\"isPartOf\":{\"@id\":\"https:\\\/\\\/www.soederland.de\\\/wordpress\\\/2024\\\/01\\\/aus-den-aufzeichnungen-von-alarik-dem-wanderer\\\/\"},\"author\":{\"name\":\"admin\",\"@id\":\"https:\\\/\\\/www.soederland.de\\\/wordpress\\\/#\\\/schema\\\/person\\\/0690f9593b5574323c47855734f5fb33\"},\"headline\":\"Aus den Aufzeichnungen von Alarik dem Wanderer\",\"datePublished\":\"2024-01-30T15:03:14+00:00\",\"dateModified\":\"2024-01-30T15:03:16+00:00\",\"mainEntityOfPage\":{\"@id\":\"https:\\\/\\\/www.soederland.de\\\/wordpress\\\/2024\\\/01\\\/aus-den-aufzeichnungen-von-alarik-dem-wanderer\\\/\"},\"wordCount\":817,\"commentCount\":0,\"articleSection\":[\"f\u00fcr Ausl\u00e4nder\"],\"inLanguage\":\"de\",\"potentialAction\":[{\"@type\":\"CommentAction\",\"name\":\"Comment\",\"target\":[\"https:\\\/\\\/www.soederland.de\\\/wordpress\\\/2024\\\/01\\\/aus-den-aufzeichnungen-von-alarik-dem-wanderer\\\/#respond\"]}]},{\"@type\":\"WebPage\",\"@id\":\"https:\\\/\\\/www.soederland.de\\\/wordpress\\\/2024\\\/01\\\/aus-den-aufzeichnungen-von-alarik-dem-wanderer\\\/\",\"url\":\"https:\\\/\\\/www.soederland.de\\\/wordpress\\\/2024\\\/01\\\/aus-den-aufzeichnungen-von-alarik-dem-wanderer\\\/\",\"name\":\"Aus den Aufzeichnungen von Alarik dem Wanderer - S\u00f6derland - ein Land im Hohen Norden\",\"isPartOf\":{\"@id\":\"https:\\\/\\\/www.soederland.de\\\/wordpress\\\/#website\"},\"datePublished\":\"2024-01-30T15:03:14+00:00\",\"dateModified\":\"2024-01-30T15:03:16+00:00\",\"author\":{\"@id\":\"https:\\\/\\\/www.soederland.de\\\/wordpress\\\/#\\\/schema\\\/person\\\/0690f9593b5574323c47855734f5fb33\"},\"breadcrumb\":{\"@id\":\"https:\\\/\\\/www.soederland.de\\\/wordpress\\\/2024\\\/01\\\/aus-den-aufzeichnungen-von-alarik-dem-wanderer\\\/#breadcrumb\"},\"inLanguage\":\"de\",\"potentialAction\":[{\"@type\":\"ReadAction\",\"target\":[\"https:\\\/\\\/www.soederland.de\\\/wordpress\\\/2024\\\/01\\\/aus-den-aufzeichnungen-von-alarik-dem-wanderer\\\/\"]}]},{\"@type\":\"BreadcrumbList\",\"@id\":\"https:\\\/\\\/www.soederland.de\\\/wordpress\\\/2024\\\/01\\\/aus-den-aufzeichnungen-von-alarik-dem-wanderer\\\/#breadcrumb\",\"itemListElement\":[{\"@type\":\"ListItem\",\"position\":1,\"name\":\"Home\",\"item\":\"https:\\\/\\\/www.soederland.de\\\/wordpress\\\/\"},{\"@type\":\"ListItem\",\"position\":2,\"name\":\"Aus den Aufzeichnungen von Alarik dem Wanderer\"}]},{\"@type\":\"WebSite\",\"@id\":\"https:\\\/\\\/www.soederland.de\\\/wordpress\\\/#website\",\"url\":\"https:\\\/\\\/www.soederland.de\\\/wordpress\\\/\",\"name\":\"S\u00f6derland - ein Land im Hohen Norden\",\"description\":\"das Live-Rollenspiel-Land des VLAD e.V.\",\"potentialAction\":[{\"@type\":\"SearchAction\",\"target\":{\"@type\":\"EntryPoint\",\"urlTemplate\":\"https:\\\/\\\/www.soederland.de\\\/wordpress\\\/?s={search_term_string}\"},\"query-input\":{\"@type\":\"PropertyValueSpecification\",\"valueRequired\":true,\"valueName\":\"search_term_string\"}}],\"inLanguage\":\"de\"},{\"@type\":\"Person\",\"@id\":\"https:\\\/\\\/www.soederland.de\\\/wordpress\\\/#\\\/schema\\\/person\\\/0690f9593b5574323c47855734f5fb33\",\"name\":\"admin\",\"image\":{\"@type\":\"ImageObject\",\"inLanguage\":\"de\",\"@id\":\"https:\\\/\\\/secure.gravatar.com\\\/avatar\\\/a0bd7c12dc38845ca7d8dd174debbbbc5f0dd173b2248b35c761f39a7794e4ff?s=96&d=mm&r=g\",\"url\":\"https:\\\/\\\/secure.gravatar.com\\\/avatar\\\/a0bd7c12dc38845ca7d8dd174debbbbc5f0dd173b2248b35c761f39a7794e4ff?s=96&d=mm&r=g\",\"contentUrl\":\"https:\\\/\\\/secure.gravatar.com\\\/avatar\\\/a0bd7c12dc38845ca7d8dd174debbbbc5f0dd173b2248b35c761f39a7794e4ff?s=96&d=mm&r=g\",\"caption\":\"admin\"},\"sameAs\":[\"https:\\\/\\\/www.soederland.de\\\/wordpress\"],\"url\":\"https:\\\/\\\/www.soederland.de\\\/wordpress\\\/author\\\/ctproud\\\/\"}]}<\/script>\n<!-- \/ Yoast SEO plugin. -->","yoast_head_json":{"title":"Aus den Aufzeichnungen von Alarik dem Wanderer - S\u00f6derland - ein Land im Hohen Norden","robots":{"index":"index","follow":"follow","max-snippet":"max-snippet:-1","max-image-preview":"max-image-preview:large","max-video-preview":"max-video-preview:-1"},"canonical":"https:\/\/www.soederland.de\/wordpress\/2024\/01\/aus-den-aufzeichnungen-von-alarik-dem-wanderer\/","og_locale":"de_DE","og_type":"article","og_title":"Aus den Aufzeichnungen von Alarik dem Wanderer - S\u00f6derland - ein Land im Hohen Norden","og_description":"Hoch im Norden, jenseits der Nordmark Dracconias, liegt S\u00f6derland, ein wildes und unerforschtes Land voller Mythen und Legenden. Riesige Waldgebiete, h\u00fcgelige Grasebenen und schroffe Klippen zur See hin pr\u00e4gen das Landschaftsbild. Vereinzelt trifft man auf die Ruinen einer Burg oder eines Schlosses, Zeugen einer l\u00e4ngst vergessenen Zeit. Auf meinem Weg durch die s\u00f6derlandischen Gebiete war &hellip; \u201eAus den Aufzeichnungen von Alarik dem Wanderer\u201c weiterlesen","og_url":"https:\/\/www.soederland.de\/wordpress\/2024\/01\/aus-den-aufzeichnungen-von-alarik-dem-wanderer\/","og_site_name":"S\u00f6derland - ein Land im Hohen Norden","article_published_time":"2024-01-30T15:03:14+00:00","article_modified_time":"2024-01-30T15:03:16+00:00","author":"admin","twitter_card":"summary_large_image","twitter_misc":{"Verfasst von":"admin","Gesch\u00e4tzte Lesezeit":"5\u00a0Minuten"},"schema":{"@context":"https:\/\/schema.org","@graph":[{"@type":"Article","@id":"https:\/\/www.soederland.de\/wordpress\/2024\/01\/aus-den-aufzeichnungen-von-alarik-dem-wanderer\/#article","isPartOf":{"@id":"https:\/\/www.soederland.de\/wordpress\/2024\/01\/aus-den-aufzeichnungen-von-alarik-dem-wanderer\/"},"author":{"name":"admin","@id":"https:\/\/www.soederland.de\/wordpress\/#\/schema\/person\/0690f9593b5574323c47855734f5fb33"},"headline":"Aus den Aufzeichnungen von Alarik dem Wanderer","datePublished":"2024-01-30T15:03:14+00:00","dateModified":"2024-01-30T15:03:16+00:00","mainEntityOfPage":{"@id":"https:\/\/www.soederland.de\/wordpress\/2024\/01\/aus-den-aufzeichnungen-von-alarik-dem-wanderer\/"},"wordCount":817,"commentCount":0,"articleSection":["f\u00fcr Ausl\u00e4nder"],"inLanguage":"de","potentialAction":[{"@type":"CommentAction","name":"Comment","target":["https:\/\/www.soederland.de\/wordpress\/2024\/01\/aus-den-aufzeichnungen-von-alarik-dem-wanderer\/#respond"]}]},{"@type":"WebPage","@id":"https:\/\/www.soederland.de\/wordpress\/2024\/01\/aus-den-aufzeichnungen-von-alarik-dem-wanderer\/","url":"https:\/\/www.soederland.de\/wordpress\/2024\/01\/aus-den-aufzeichnungen-von-alarik-dem-wanderer\/","name":"Aus den Aufzeichnungen von Alarik dem Wanderer - S\u00f6derland - ein Land im Hohen Norden","isPartOf":{"@id":"https:\/\/www.soederland.de\/wordpress\/#website"},"datePublished":"2024-01-30T15:03:14+00:00","dateModified":"2024-01-30T15:03:16+00:00","author":{"@id":"https:\/\/www.soederland.de\/wordpress\/#\/schema\/person\/0690f9593b5574323c47855734f5fb33"},"breadcrumb":{"@id":"https:\/\/www.soederland.de\/wordpress\/2024\/01\/aus-den-aufzeichnungen-von-alarik-dem-wanderer\/#breadcrumb"},"inLanguage":"de","potentialAction":[{"@type":"ReadAction","target":["https:\/\/www.soederland.de\/wordpress\/2024\/01\/aus-den-aufzeichnungen-von-alarik-dem-wanderer\/"]}]},{"@type":"BreadcrumbList","@id":"https:\/\/www.soederland.de\/wordpress\/2024\/01\/aus-den-aufzeichnungen-von-alarik-dem-wanderer\/#breadcrumb","itemListElement":[{"@type":"ListItem","position":1,"name":"Home","item":"https:\/\/www.soederland.de\/wordpress\/"},{"@type":"ListItem","position":2,"name":"Aus den Aufzeichnungen von Alarik dem Wanderer"}]},{"@type":"WebSite","@id":"https:\/\/www.soederland.de\/wordpress\/#website","url":"https:\/\/www.soederland.de\/wordpress\/","name":"S\u00f6derland - ein Land im Hohen Norden","description":"das Live-Rollenspiel-Land des VLAD e.V.","potentialAction":[{"@type":"SearchAction","target":{"@type":"EntryPoint","urlTemplate":"https:\/\/www.soederland.de\/wordpress\/?s={search_term_string}"},"query-input":{"@type":"PropertyValueSpecification","valueRequired":true,"valueName":"search_term_string"}}],"inLanguage":"de"},{"@type":"Person","@id":"https:\/\/www.soederland.de\/wordpress\/#\/schema\/person\/0690f9593b5574323c47855734f5fb33","name":"admin","image":{"@type":"ImageObject","inLanguage":"de","@id":"https:\/\/secure.gravatar.com\/avatar\/a0bd7c12dc38845ca7d8dd174debbbbc5f0dd173b2248b35c761f39a7794e4ff?s=96&d=mm&r=g","url":"https:\/\/secure.gravatar.com\/avatar\/a0bd7c12dc38845ca7d8dd174debbbbc5f0dd173b2248b35c761f39a7794e4ff?s=96&d=mm&r=g","contentUrl":"https:\/\/secure.gravatar.com\/avatar\/a0bd7c12dc38845ca7d8dd174debbbbc5f0dd173b2248b35c761f39a7794e4ff?s=96&d=mm&r=g","caption":"admin"},"sameAs":["https:\/\/www.soederland.de\/wordpress"],"url":"https:\/\/www.soederland.de\/wordpress\/author\/ctproud\/"}]}},"jetpack_featured_media_url":"","_links":{"self":[{"href":"https:\/\/www.soederland.de\/wordpress\/wp-json\/wp\/v2\/posts\/13","targetHints":{"allow":["GET"]}}],"collection":[{"href":"https:\/\/www.soederland.de\/wordpress\/wp-json\/wp\/v2\/posts"}],"about":[{"href":"https:\/\/www.soederland.de\/wordpress\/wp-json\/wp\/v2\/types\/post"}],"author":[{"embeddable":true,"href":"https:\/\/www.soederland.de\/wordpress\/wp-json\/wp\/v2\/users\/1"}],"replies":[{"embeddable":true,"href":"https:\/\/www.soederland.de\/wordpress\/wp-json\/wp\/v2\/comments?post=13"}],"version-history":[{"count":1,"href":"https:\/\/www.soederland.de\/wordpress\/wp-json\/wp\/v2\/posts\/13\/revisions"}],"predecessor-version":[{"id":14,"href":"https:\/\/www.soederland.de\/wordpress\/wp-json\/wp\/v2\/posts\/13\/revisions\/14"}],"wp:attachment":[{"href":"https:\/\/www.soederland.de\/wordpress\/wp-json\/wp\/v2\/media?parent=13"}],"wp:term":[{"taxonomy":"category","embeddable":true,"href":"https:\/\/www.soederland.de\/wordpress\/wp-json\/wp\/v2\/categories?post=13"},{"taxonomy":"post_tag","embeddable":true,"href":"https:\/\/www.soederland.de\/wordpress\/wp-json\/wp\/v2\/tags?post=13"}],"curies":[{"name":"wp","href":"https:\/\/api.w.org\/{rel}","templated":true}]}}